{"id":543,"date":"2020-09-02T22:04:02","date_gmt":"2020-09-02T20:04:02","guid":{"rendered":"https:\/\/antoine-ciosi.com\/?p=543"},"modified":"2020-12-07T18:14:07","modified_gmt":"2020-12-07T17:14:07","slug":"sortie-de-duetti","status":"publish","type":"post","link":"https:\/\/antoine-ciosi.com\/index.php\/2020\/09\/02\/sortie-de-duetti\/","title":{"rendered":"Sortie de \u00ab\u00a0Duetti\u00a0\u00bb"},"content":{"rendered":"\n<p class=\"has-text-align-center\"><a href=\"https:\/\/antoine-ciosi.com\/index.php\/product\/duetti\/\" data-type=\"URL\" data-id=\"https:\/\/antoine-ciosi.com\/index.php\/product\/duetti\/\"><img data-recalc-dims=\"1\" loading=\"lazy\" decoding=\"async\" width=\"400\" height=\"281\" scale=\"0\" class=\"wp-image-536\" style=\"width: 400px;\" src=\"https:\/\/i0.wp.com\/antoine-ciosi.com\/wp-content\/uploads\/2020\/09\/ACIOSI-COVER1-copie.jpg?resize=400%2C281\" alt=\"Antoine Ciosi - DUETTI\" srcset=\"https:\/\/i0.wp.com\/antoine-ciosi.com\/wp-content\/uploads\/2020\/09\/ACIOSI-COVER1-copie.jpg?w=2095&amp;ssl=1 2095w, https:\/\/i0.wp.com\/antoine-ciosi.com\/wp-content\/uploads\/2020\/09\/ACIOSI-COVER1-copie.jpg?resize=300%2C211&amp;ssl=1 300w, https:\/\/i0.wp.com\/antoine-ciosi.com\/wp-content\/uploads\/2020\/09\/ACIOSI-COVER1-copie.jpg?resize=1024%2C720&amp;ssl=1 1024w, https:\/\/i0.wp.com\/antoine-ciosi.com\/wp-content\/uploads\/2020\/09\/ACIOSI-COVER1-copie.jpg?resize=768%2C540&amp;ssl=1 768w, https:\/\/i0.wp.com\/antoine-ciosi.com\/wp-content\/uploads\/2020\/09\/ACIOSI-COVER1-copie.jpg?resize=1536%2C1080&amp;ssl=1 1536w, https:\/\/i0.wp.com\/antoine-ciosi.com\/wp-content\/uploads\/2020\/09\/ACIOSI-COVER1-copie.jpg?resize=2048%2C1440&amp;ssl=1 2048w, https:\/\/i0.wp.com\/antoine-ciosi.com\/wp-content\/uploads\/2020\/09\/ACIOSI-COVER1-copie.jpg?resize=350%2C246&amp;ssl=1 350w\" sizes=\"auto, (max-width: 400px) 100vw, 400px\" \/><\/a><\/p>\n\n\n\n<p class=\"has-text-align-left\"><em>L&rsquo;Ultimu Giru<\/em>, la derni\u00e8re tourn\u00e9e d&rsquo;Antoine Ciosi, \u00e9tait plac\u00e9e sous le signe de la transmission et du partage. Apr\u00e8s plus de 60 ans de carri\u00e8re, Antoine souhaitait transmettre le flambeau \u00e0 la nouvelle g\u00e9n\u00e9ration. Les artistes pr\u00e9sents d\u00e8s le lancement de la tourn\u00e9e aux Folies Berg\u00e8re, l&rsquo;ont accompagn\u00e9 \u00e0 Marseille, \u00e0 Toulon&#8230; et bien s\u00fbr en Corse avec un grand final \u00e0 Bastia, retransmis sur Via Stella.<\/p>\n\n\n\n<p>Durant toute cette aventure, un respect mutuel s&rsquo;est instaur\u00e9 entre ces jeunes artistes, ardents d\u00e9fenseurs de leur culture, et Antoine, v\u00e9ritable passeur de m\u00e9moire. Au fur et \u00e0 mesure est n\u00e9e l&rsquo;id\u00e9e de DUETTI, pour prolonger ces moments pass\u00e9s ensemble et construire le futur.<\/p>\n\n\n\n<p>Antoine est aussi tr\u00e8s fid\u00e8le en amiti\u00e9s. Un disque de Duo sans ses amis de longue date n&rsquo;avait pas de sens. Patrick Fiori, Jean-Claude Acquaviva de \u00ab\u00a0A Filetta\u00a0\u00bb, Jean-Paul Poletti, Tao-By, Jean-Charles Papi, Feli, Jean-Pierre Marcellesi&#8230; Tous ont fait preuve d&rsquo;une g\u00e9n\u00e9rosit\u00e9 sans limite pour participer \u00e0 cet album. Leurs voix si caract\u00e9ristiques et envoutantes et les th\u00e8mes abord\u00e9s, profond\u00e9ment ancr\u00e9s dans la culture corse, nous transportent au coeur de la Corse qui nous est tous tr\u00e8s ch\u00e8re.<\/p>\n\n\n\n<p>Les 27 chansons ont \u00e9t\u00e9 r\u00e9orchestr\u00e9es par J\u00e9r\u00f4me Ciosi pour donner un nouveau souffle aux grands succ\u00e8s d&rsquo;Antoine Ciosi.<\/p>\n\n\n\n<p><a href=\"https:\/\/antoine-ciosi.com\/index.php\/product\/duetti\/\" target=\"_blank\" rel=\"noreferrer noopener\">Pour \u00e9couter un extrait, cliquez sur ce lien<\/a><\/p>\n\n\n\n<p><\/p>\n","protected":false},"excerpt":{"rendered":"<p>L&rsquo;Ultimu Giru, la derni\u00e8re tourn\u00e9e d&rsquo;Antoine Ciosi, \u00e9tait plac\u00e9e sous le signe de la transmission et du partage. Apr\u00e8s plus de 60 ans de carri\u00e8re, Antoine souhaitait transmettre le flambeau \u00e0 la nouvelle g\u00e9n\u00e9ration. Les artistes pr\u00e9sents d\u00e8s le lancement de la tourn\u00e9e aux Folies Berg\u00e8re, l&rsquo;ont accompagn\u00e9 \u00e0 Marseille, \u00e0 Toulon&#8230; et bien s\u00fbr &hellip; <\/p>\n<p class=\"link-more\"><a href=\"https:\/\/antoine-ciosi.com\/index.php\/2020\/09\/02\/sortie-de-duetti\/\" class=\"more-link\">Continuer la lecture<span class=\"screen-reader-text\"> de &laquo;&nbsp;Sortie de \u00ab\u00a0Duetti\u00a0\u00bb&nbsp;&raquo;<\/span><\/a><\/p>\n","protected":false},"author":1,"featured_media":0,"comment_status":"open","ping_status":"open","sticky":false,"template":"","format":"standard","meta":{"jetpack_post_was_ever_published":false,"_jetpack_newsletter_access":"","_jetpack_dont_email_post_to_subs":false,"_jetpack_newsletter_tier_id":0,"_jetpack_memberships_contains_paywalled_content":false,"_jetpack_memberships_contains_paid_content":false,"footnotes":"","jetpack_publicize_message":"","jetpack_publicize_feature_enabled":true,"jetpack_social_post_already_shared":true,"jetpack_social_options":{"image_generator_settings":{"template":"highway","default_image_id":0,"font":"","enabled":false},"version":2}},"categories":[1],"tags":[],"class_list":["post-543","post","type-post","status-publish","format-standard","hentry","category-non-classe"],"yoast_head":"<!-- This site is optimized with the Yoast SEO plugin v16.7 - https:\/\/yoast.com\/wordpress\/plugins\/seo\/ -->\n<title>Sortie de &quot;Duetti&quot; - Antoine CIOSI<\/title>\n<meta name=\"description\" content=\"Le double Album &quot;Duetti&quot; avec 27 titres revisit\u00e9s, en compagnie de chanteurs corses tels que Patrick Fiori, I Muvrini, Jean-Claude Aquaviva...\" \/>\n<meta name=\"robots\" content=\"index, follow, max-snippet:-1, max-image-preview:large, max-video-preview:-1\" \/>\n<link rel=\"canonical\" href=\"https:\/\/antoine-ciosi.com\/index.php\/2020\/09\/02\/sortie-de-duetti\/\" \/>\n<meta property=\"og:locale\" content=\"fr_FR\" \/>\n<meta property=\"og:type\" content=\"article\" \/>\n<meta property=\"og:title\" content=\"Sortie de &quot;Duetti&quot; - Antoine CIOSI\" \/>\n<meta property=\"og:description\" content=\"Le double Album &quot;Duetti&quot; avec 27 titres revisit\u00e9s, en compagnie de chanteurs corses tels que Patrick Fiori, I Muvrini, Jean-Claude Aquaviva...\" \/>\n<meta property=\"og:url\" content=\"https:\/\/antoine-ciosi.com\/index.php\/2020\/09\/02\/sortie-de-duetti\/\" \/>\n<meta property=\"og:site_name\" content=\"Antoine CIOSI\" \/>\n<meta property=\"article:published_time\" content=\"2020-09-02T20:04:02+00:00\" \/>\n<meta property=\"article:modified_time\" content=\"2020-12-07T17:14:07+00:00\" \/>\n<meta property=\"og:image\" content=\"http:\/\/antoine-ciosi.com\/wp-content\/uploads\/2020\/09\/ACIOSI-COVER1-copie.jpg\" \/>\n<meta name=\"twitter:card\" content=\"summary_large_image\" \/>\n<meta name=\"twitter:label1\" content=\"\u00c9crit par\" \/>\n\t<meta name=\"twitter:data1\" content=\"Raphael\" \/>\n\t<meta name=\"twitter:label2\" content=\"Dur\u00e9e de lecture est.\" \/>\n\t<meta name=\"twitter:data2\" content=\"1 minute\" \/>\n<script type=\"application\/ld+json\" class=\"yoast-schema-graph\">{\"@context\":\"https:\/\/schema.org\",\"@graph\":[{\"@type\":\"WebSite\",\"@id\":\"https:\/\/antoine-ciosi.com\/#website\",\"url\":\"https:\/\/antoine-ciosi.com\/\",\"name\":\"Antoine CIOSI\",\"description\":\"Nouvel Album - Babbu \\u00e8 Figliolu - En vente d\\u00e8s maintenant\",\"potentialAction\":[{\"@type\":\"SearchAction\",\"target\":{\"@type\":\"EntryPoint\",\"urlTemplate\":\"https:\/\/antoine-ciosi.com\/?s={search_term_string}\"},\"query-input\":\"required name=search_term_string\"}],\"inLanguage\":\"fr-FR\"},{\"@type\":\"ImageObject\",\"@id\":\"https:\/\/antoine-ciosi.com\/index.php\/2020\/09\/02\/sortie-de-duetti\/#primaryimage\",\"inLanguage\":\"fr-FR\",\"url\":\"http:\/\/antoine-ciosi.com\/wp-content\/uploads\/2020\/09\/ACIOSI-COVER1-copie.jpg\",\"contentUrl\":\"http:\/\/antoine-ciosi.com\/wp-content\/uploads\/2020\/09\/ACIOSI-COVER1-copie.jpg\"},{\"@type\":\"WebPage\",\"@id\":\"https:\/\/antoine-ciosi.com\/index.php\/2020\/09\/02\/sortie-de-duetti\/#webpage\",\"url\":\"https:\/\/antoine-ciosi.com\/index.php\/2020\/09\/02\/sortie-de-duetti\/\",\"name\":\"Sortie de \\\"Duetti\\\" - Antoine CIOSI\",\"isPartOf\":{\"@id\":\"https:\/\/antoine-ciosi.com\/#website\"},\"primaryImageOfPage\":{\"@id\":\"https:\/\/antoine-ciosi.com\/index.php\/2020\/09\/02\/sortie-de-duetti\/#primaryimage\"},\"datePublished\":\"2020-09-02T20:04:02+00:00\",\"dateModified\":\"2020-12-07T17:14:07+00:00\",\"author\":{\"@id\":\"https:\/\/antoine-ciosi.com\/#\/schema\/person\/e510c197b332d907a01313e50fb954f3\"},\"description\":\"Le double Album \\\"Duetti\\\" avec 27 titres revisit\\u00e9s, en compagnie de chanteurs corses tels que Patrick Fiori, I Muvrini, Jean-Claude Aquaviva...\",\"breadcrumb\":{\"@id\":\"https:\/\/antoine-ciosi.com\/index.php\/2020\/09\/02\/sortie-de-duetti\/#breadcrumb\"},\"inLanguage\":\"fr-FR\",\"potentialAction\":[{\"@type\":\"ReadAction\",\"target\":[\"https:\/\/antoine-ciosi.com\/index.php\/2020\/09\/02\/sortie-de-duetti\/\"]}]},{\"@type\":\"BreadcrumbList\",\"@id\":\"https:\/\/antoine-ciosi.com\/index.php\/2020\/09\/02\/sortie-de-duetti\/#breadcrumb\",\"itemListElement\":[{\"@type\":\"ListItem\",\"position\":1,\"name\":\"Accueil\",\"item\":\"https:\/\/antoine-ciosi.com\/\"},{\"@type\":\"ListItem\",\"position\":2,\"name\":\"Sortie de \\u00ab\\u00a0Duetti\\u00a0\\u00bb\"}]},{\"@type\":\"Person\",\"@id\":\"https:\/\/antoine-ciosi.com\/#\/schema\/person\/e510c197b332d907a01313e50fb954f3\",\"name\":\"Raphael\",\"image\":{\"@type\":\"ImageObject\",\"@id\":\"https:\/\/antoine-ciosi.com\/#personlogo\",\"inLanguage\":\"fr-FR\",\"url\":\"https:\/\/secure.gravatar.com\/avatar\/d596a01fd07eb4aaeb02ef400454b208?s=96&d=mm&r=g\",\"contentUrl\":\"https:\/\/secure.gravatar.com\/avatar\/d596a01fd07eb4aaeb02ef400454b208?s=96&d=mm&r=g\",\"caption\":\"Raphael\"},\"url\":\"https:\/\/antoine-ciosi.com\/index.php\/author\/admin2135\/\"}]}<\/script>\n<!-- \/ Yoast SEO plugin. -->","yoast_head_json":{"title":"Sortie de \"Duetti\" - Antoine CIOSI","description":"Le double Album \"Duetti\" avec 27 titres revisit\u00e9s, en compagnie de chanteurs corses tels que Patrick Fiori, I Muvrini, Jean-Claude Aquaviva...","robots":{"index":"index","follow":"follow","max-snippet":"max-snippet:-1","max-image-preview":"max-image-preview:large","max-video-preview":"max-video-preview:-1"},"canonical":"https:\/\/antoine-ciosi.com\/index.php\/2020\/09\/02\/sortie-de-duetti\/","og_locale":"fr_FR","og_type":"article","og_title":"Sortie de \"Duetti\" - Antoine CIOSI","og_description":"Le double Album \"Duetti\" avec 27 titres revisit\u00e9s, en compagnie de chanteurs corses tels que Patrick Fiori, I Muvrini, Jean-Claude Aquaviva...","og_url":"https:\/\/antoine-ciosi.com\/index.php\/2020\/09\/02\/sortie-de-duetti\/","og_site_name":"Antoine CIOSI","article_published_time":"2020-09-02T20:04:02+00:00","article_modified_time":"2020-12-07T17:14:07+00:00","og_image":[{"url":"http:\/\/antoine-ciosi.com\/wp-content\/uploads\/2020\/09\/ACIOSI-COVER1-copie.jpg"}],"twitter_card":"summary_large_image","twitter_misc":{"\u00c9crit par":"Raphael","Dur\u00e9e de lecture est.":"1 minute"},"schema":{"@context":"https:\/\/schema.org","@graph":[{"@type":"WebSite","@id":"https:\/\/antoine-ciosi.com\/#website","url":"https:\/\/antoine-ciosi.com\/","name":"Antoine CIOSI","description":"Nouvel Album - Babbu \u00e8 Figliolu - En vente d\u00e8s maintenant","potentialAction":[{"@type":"SearchAction","target":{"@type":"EntryPoint","urlTemplate":"https:\/\/antoine-ciosi.com\/?s={search_term_string}"},"query-input":"required name=search_term_string"}],"inLanguage":"fr-FR"},{"@type":"ImageObject","@id":"https:\/\/antoine-ciosi.com\/index.php\/2020\/09\/02\/sortie-de-duetti\/#primaryimage","inLanguage":"fr-FR","url":"http:\/\/antoine-ciosi.com\/wp-content\/uploads\/2020\/09\/ACIOSI-COVER1-copie.jpg","contentUrl":"http:\/\/antoine-ciosi.com\/wp-content\/uploads\/2020\/09\/ACIOSI-COVER1-copie.jpg"},{"@type":"WebPage","@id":"https:\/\/antoine-ciosi.com\/index.php\/2020\/09\/02\/sortie-de-duetti\/#webpage","url":"https:\/\/antoine-ciosi.com\/index.php\/2020\/09\/02\/sortie-de-duetti\/","name":"Sortie de \"Duetti\" - Antoine CIOSI","isPartOf":{"@id":"https:\/\/antoine-ciosi.com\/#website"},"primaryImageOfPage":{"@id":"https:\/\/antoine-ciosi.com\/index.php\/2020\/09\/02\/sortie-de-duetti\/#primaryimage"},"datePublished":"2020-09-02T20:04:02+00:00","dateModified":"2020-12-07T17:14:07+00:00","author":{"@id":"https:\/\/antoine-ciosi.com\/#\/schema\/person\/e510c197b332d907a01313e50fb954f3"},"description":"Le double Album \"Duetti\" avec 27 titres revisit\u00e9s, en compagnie de chanteurs corses tels que Patrick Fiori, I Muvrini, Jean-Claude Aquaviva...","breadcrumb":{"@id":"https:\/\/antoine-ciosi.com\/index.php\/2020\/09\/02\/sortie-de-duetti\/#breadcrumb"},"inLanguage":"fr-FR","potentialAction":[{"@type":"ReadAction","target":["https:\/\/antoine-ciosi.com\/index.php\/2020\/09\/02\/sortie-de-duetti\/"]}]},{"@type":"BreadcrumbList","@id":"https:\/\/antoine-ciosi.com\/index.php\/2020\/09\/02\/sortie-de-duetti\/#breadcrumb","itemListElement":[{"@type":"ListItem","position":1,"name":"Accueil","item":"https:\/\/antoine-ciosi.com\/"},{"@type":"ListItem","position":2,"name":"Sortie de \u00ab\u00a0Duetti\u00a0\u00bb"}]},{"@type":"Person","@id":"https:\/\/antoine-ciosi.com\/#\/schema\/person\/e510c197b332d907a01313e50fb954f3","name":"Raphael","image":{"@type":"ImageObject","@id":"https:\/\/antoine-ciosi.com\/#personlogo","inLanguage":"fr-FR","url":"https:\/\/secure.gravatar.com\/avatar\/d596a01fd07eb4aaeb02ef400454b208?s=96&d=mm&r=g","contentUrl":"https:\/\/secure.gravatar.com\/avatar\/d596a01fd07eb4aaeb02ef400454b208?s=96&d=mm&r=g","caption":"Raphael"},"url":"https:\/\/antoine-ciosi.com\/index.php\/author\/admin2135\/"}]}},"jetpack_publicize_connections":[],"jetpack_featured_media_url":"","jetpack_sharing_enabled":true,"jetpack_shortlink":"https:\/\/wp.me\/p9DxBu-8L","_links":{"self":[{"href":"https:\/\/antoine-ciosi.com\/index.php\/wp-json\/wp\/v2\/posts\/543","targetHints":{"allow":["GET"]}}],"collection":[{"href":"https:\/\/antoine-ciosi.com\/index.php\/wp-json\/wp\/v2\/posts"}],"about":[{"href":"https:\/\/antoine-ciosi.com\/index.php\/wp-json\/wp\/v2\/types\/post"}],"author":[{"embeddable":true,"href":"https:\/\/antoine-ciosi.com\/index.php\/wp-json\/wp\/v2\/users\/1"}],"replies":[{"embeddable":true,"href":"https:\/\/antoine-ciosi.com\/index.php\/wp-json\/wp\/v2\/comments?post=543"}],"version-history":[{"count":7,"href":"https:\/\/antoine-ciosi.com\/index.php\/wp-json\/wp\/v2\/posts\/543\/revisions"}],"predecessor-version":[{"id":853,"href":"https:\/\/antoine-ciosi.com\/index.php\/wp-json\/wp\/v2\/posts\/543\/revisions\/853"}],"wp:attachment":[{"href":"https:\/\/antoine-ciosi.com\/index.php\/wp-json\/wp\/v2\/media?parent=543"}],"wp:term":[{"taxonomy":"category","embeddable":true,"href":"https:\/\/antoine-ciosi.com\/index.php\/wp-json\/wp\/v2\/categories?post=543"},{"taxonomy":"post_tag","embeddable":true,"href":"https:\/\/antoine-ciosi.com\/index.php\/wp-json\/wp\/v2\/tags?post=543"}],"curies":[{"name":"wp","href":"https:\/\/api.w.org\/{rel}","templated":true}]}}